{"id":400,"date":"2018-06-05T10:14:53","date_gmt":"2018-06-05T08:14:53","guid":{"rendered":"http:\/\/www.cantinecuppari.it\/cantine\/?p=400"},"modified":"2018-06-05T14:58:09","modified_gmt":"2018-06-05T12:58:09","slug":"inaugurazione-della-finestra-di-carlo-v","status":"publish","type":"post","link":"http:\/\/www.cantinecuppari.it\/cantine\/inaugurazione-della-finestra-di-carlo-v\/","title":{"rendered":"Inaugurazione della &#8220;Finestra di Carlo V&#8221;"},"content":{"rendered":"<p><a href=\"http:\/\/www.cantinecuppari.it\/cantine\/wp-content\/uploads\/2015\/03\/DSCN1174.jpg\"><img loading=\"lazy\" class=\" wp-image-299 alignleft\" src=\"http:\/\/www.cantinecuppari.it\/cantine\/wp-content\/uploads\/2015\/03\/DSCN1174-300x225.jpg\" alt=\"ITA Cuppari\" width=\"439\" height=\"330\" srcset=\"http:\/\/www.cantinecuppari.it\/cantine\/wp-content\/uploads\/2015\/03\/DSCN1174-300x225.jpg 300w, http:\/\/www.cantinecuppari.it\/cantine\/wp-content\/uploads\/2015\/03\/DSCN1174-1024x768.jpg 1024w\" sizes=\"(max-width: 439px) 100vw, 439px\" \/><\/a>Si inaugura oggi, alle ore 18, la nuova struttura\u00a0 ricettiva\u00a0 &#8220;La finestra di Carlo V&#8221; al Monastero Benedettino di San Placido Caloner\u00f2. L&#8217;edificio, sede dell&#8217;Istituto Tecnico Agrario &#8220;P. Cuppari&#8221; &#8211; unico nella provincia &#8211; e del convitto, dell&#8217;azienda agraria e dell&#8217;Enoteca provinciale, \u00e8 di propriet\u00e0 della citt\u00e0 metropolitana e ospiter\u00e0 adesso anche la neonata struttura realizzata grazie al contributo della presidenza del Consiglio dei Ministri nell&#8217;ambito della misura &#8220;Giovani per la valorizzazione dei beni culturali&#8221;.<\/p>\n<p>La struttura nasce dall&#8217;azione dell&#8217;Ats &#8220;Kalonero per i giovani&#8221;, l&#8217;associazione temporanea di scopo costituita dalla Coperativa &#8220;Tirrena 96&#8221; presieduta da Gregorio Minniti, dal Consorzio Messina Tourism Bureau presieduto dall. Gaetano Majolino e <a href=\"http:\/\/www.cantinecuppari.it\/cantine\/wp-content\/uploads\/2018\/06\/Carlo-V.jpg\"><img loading=\"lazy\" class=\"size-medium wp-image-403 alignright\" src=\"http:\/\/www.cantinecuppari.it\/cantine\/wp-content\/uploads\/2018\/06\/Carlo-V-169x300.jpg\" alt=\"Carlo V\" width=\"169\" height=\"300\" srcset=\"http:\/\/www.cantinecuppari.it\/cantine\/wp-content\/uploads\/2018\/06\/Carlo-V-169x300.jpg 169w, http:\/\/www.cantinecuppari.it\/cantine\/wp-content\/uploads\/2018\/06\/Carlo-V-768x1365.jpg 768w, http:\/\/www.cantinecuppari.it\/cantine\/wp-content\/uploads\/2018\/06\/Carlo-V-576x1024.jpg 576w, http:\/\/www.cantinecuppari.it\/cantine\/wp-content\/uploads\/2018\/06\/Carlo-V.jpg 900w\" sizes=\"(max-width: 169px) 100vw, 169px\" \/><\/a>dall&#8217;Istituto di Istruzione Superiore &#8220;G. Minutoli del quale \u00e8 dirigente scolastico Giovanni Pietro La Tona.<\/p>\n<p>Un altro traguardo per la struttura di San Placido Caloner\u00f2 dopo l&#8217;affermazione ottenuta col vino San Placido \u201cFaro\u201d Doc.<\/p>\n<p>L\u2019annata 2010, dopo un&#8217;attivit\u00e0 nel settore vitinicolo che risale al 1900, \u00e8 stata la prima produzione del \u201cSan Placido\u201d presentato al pubblico nel dicembre del 2012, con interessanti apprezzamenti. Apprezzamenti corrispondenti a una scommessa gi\u00e0 vinta poich\u00e9, a prescindere dal suo futuro sui mercati, hannovrappresentato un tangibile risultato del lavoro e del ruolo dell\u2019Istruzione pubblica in una Sicilia spesso mortificata dalla sua difficile realt\u00e0.<\/p>\n<p>&nbsp;<\/p>\n<p>&nbsp;<\/p>\n","protected":false},"excerpt":{"rendered":"<p>Oggi a San Placido Caloner\u00f2 alle ore 18<\/p>\n","protected":false},"author":1,"featured_media":283,"comment_status":"closed","ping_status":"open","sticky":false,"template":"","format":"standard","meta":[],"categories":[2,3],"tags":[],"_links":{"self":[{"href":"http:\/\/www.cantinecuppari.it\/cantine\/wp-json\/wp\/v2\/posts\/400"}],"collection":[{"href":"http:\/\/www.cantinecuppari.it\/cantine\/wp-json\/wp\/v2\/posts"}],"about":[{"href":"http:\/\/www.cantinecuppari.it\/cantine\/wp-json\/wp\/v2\/types\/post"}],"author":[{"embeddable":true,"href":"http:\/\/www.cantinecuppari.it\/cantine\/wp-json\/wp\/v2\/users\/1"}],"replies":[{"embeddable":true,"href":"http:\/\/www.cantinecuppari.it\/cantine\/wp-json\/wp\/v2\/comments?post=400"}],"version-history":[{"count":3,"href":"http:\/\/www.cantinecuppari.it\/cantine\/wp-json\/wp\/v2\/posts\/400\/revisions"}],"predecessor-version":[{"id":404,"href":"http:\/\/www.cantinecuppari.it\/cantine\/wp-json\/wp\/v2\/posts\/400\/revisions\/404"}],"wp:featuredmedia":[{"embeddable":true,"href":"http:\/\/www.cantinecuppari.it\/cantine\/wp-json\/wp\/v2\/media\/283"}],"wp:attachment":[{"href":"http:\/\/www.cantinecuppari.it\/cantine\/wp-json\/wp\/v2\/media?parent=400"}],"wp:term":[{"taxonomy":"category","embeddable":true,"href":"http:\/\/www.cantinecuppari.it\/cantine\/wp-json\/wp\/v2\/categories?post=400"},{"taxonomy":"post_tag","embeddable":true,"href":"http:\/\/www.cantinecuppari.it\/cantine\/wp-json\/wp\/v2\/tags?post=400"}],"curies":[{"name":"wp","href":"https:\/\/api.w.org\/{rel}","templated":true}]}}